{"id":3777,"date":"2026-08-27T06:05:51","date_gmt":"2026-08-27T05:05:51","guid":{"rendered":"https:\/\/unita-angola.co.ao\/terrangolana\/?p=3777"},"modified":"2026-08-27T06:06:30","modified_gmt":"2026-08-27T05:06:30","slug":"presidente-da-unita-recebido-em-audiencia-pelo-papa-leao-xiv","status":"publish","type":"post","link":"https:\/\/unita-angola.co.ao\/terrangolana\/presidente-da-unita-recebido-em-audiencia-pelo-papa-leao-xiv\/","title":{"rendered":"Presidente da UNITA recebido em audi\u00eancia pelo Papa Le\u00e3o XIV"},"content":{"rendered":"<p>O Presidente da UNITA, Adalberto Costa J\u00fanior, foi recebido em audi\u00eancia no dia 21 de agosto de 2026, pelo Papa Le\u00e3o XIV, durante o 17\u00ba Encontro Anual da Rede Internacional de Legisladores Cat\u00f3licos que este ano dedicou particular aten\u00e7\u00e3o aos desafios colocados pela intelig\u00eancia artificial e novas tecnologias.<\/p>\n<p>Jonas Mulato, o Secret\u00e1rio Nacional do Partido para as Rela\u00e7\u00f5es Internacionais e Comunidades, confirmou o facto \u00e0 imprensa.<\/p>\n<p>De acordo com Jonas Mulato, o Presidente da UNITA, Adalberto Costa J\u00fanior, participou no passado dia 21 de Agosto numa audi\u00eancia com o Santo Padre, Papa Le\u00e3o XIV, no Vaticano, a audi\u00eancia aconteceu por ocasi\u00e3o do 17\u00ba Encontro Anual da Rede Internacional de Legisladores Cat\u00f3licos, da qual o Presidente Alberto Costa J\u00fanior \u00e9 membro.<\/p>\n<p>\u201cEsta mesma organiza\u00e7\u00e3o re\u00fane pol\u00edticos e legisladores de diferentes pa\u00edses para promover o di\u00e1logo e a reflex\u00e3o sobre o papel dos crist\u00e3os na vida p\u00fablica, a responsabilidade pol\u00edtica, a dignidade humana e o bem comum\u201d.<\/p>\n<p>\u201cEste ano, o encontro dedicou particular aten\u00e7\u00e3o aos desafios colocados pela intelig\u00eancia artificial e pelas novas tecnologias\u201d, afirmou Jonas Mulato.<\/p>\n<p>\u201cFoi neste contexto que os participantes foram recebidos pelo Papa Le\u00e3o em audi\u00eancia\u201d, disse o respons\u00e1vel para as rela\u00e7\u00f5es internacionais do partido, real\u00e7ando tamb\u00e9m, nesta mesma audi\u00eancia, o Santo Padre apelou aos respons\u00e1veis pol\u00edticos para que coloquem a dignidade humana e o bem comum no centro do exerc\u00edcio do poder.<\/p>\n<p>\u201cLe\u00e3o XIV defendeu que o desenvolvimento cient\u00edfico e tecnol\u00f3gico deve ser acompanhado por regras que protejam os direitos humanos e as liberdades fundamentais\u201d.<\/p>\n<p>\u201cSobre a intelig\u00eancia artificial alertou para riscos relacionados com a privacidade, a falta de transpar\u00eancia e a influ\u00eancia das novas tecnologias sobre institui\u00e7\u00f5es e processos democr\u00e1ticos que o Papa referiu que \u00e9 importante que essa influ\u00eancia sobre institui\u00e7\u00f5es e processos democr\u00e1ticos seja sempre por bem comum\u201d.<\/p>\n<p>Jonas Mulato disse que, durante a audi\u00eancia, o Presidente Adalberto Costa J\u00fanior teve a oportunidade de abordar com Santo Padre a situa\u00e7\u00e3o pol\u00edtica e democr\u00e1tica de Angola e de agradecer ao Papa pela sua visita ao pa\u00eds, realizada no passado m\u00eas de abril.<\/p>\n<p>\u201cA participa\u00e7\u00e3o do Presidente da UNITA neste encontro permitiu tamb\u00e9m que quest\u00f5es relacionadas com o futuro democr\u00e1tico de Angola fossem discutidas no \u00e2mbito da Rede Internacional de Legisladores Cat\u00f3licos\u201d.<\/p>\n<p>\u201cEntre essas quest\u00f5es est\u00e1 a import\u00e2ncia de miss\u00f5es internacionais de observa\u00e7\u00e3o eleitoral enquanto instrumento de acompanhamento independente do processo eleitoral e de refor\u00e7o da transpar\u00eancia, da credibilidade e da confian\u00e7a dos cidad\u00e3os, ainda mais num contexto em que temos acompanhado actos muito violentos a acontecerem no nosso pa\u00eds, a aten\u00e7\u00e3o internacional \u00e9 muito importante\u201d, afirmou Jonas Mulato.<\/p>\n<p>De acordo com Jonas Mulato, num ano pr\u00e9-eleitoral, a aten\u00e7\u00e3o internacional e o di\u00e1logo com respons\u00e1veis pol\u00edticos de outros pa\u00edses podem contribuir para refor\u00e7ar a necessidade de maior transpar\u00eancia e de uma atua\u00e7\u00e3o mais democr\u00e1tica e respons\u00e1vel das institui\u00e7\u00f5es angolanas\u201d.<\/p>\n<p>\u201c\u00c9 tamb\u00e9m neste contexto que ganha import\u00e2ncia a proposta trazida pela UNITA de um Pacto de Estabilidade para Angola como instrumento de di\u00e1logo e compromisso entre os diferentes atores pol\u00edticos e sociais capazes de contribuir para um ambiente de maior confian\u00e7a e estabilidade durante o pr\u00f3ximo ciclo eleitoral\u201d, disse o Secret\u00e1rio Nacional da UNITA para as Rela\u00e7\u00f5es Internacionais e Comunidades, para quem, no ano pr\u00e9-eleitoral, esta participa\u00e7\u00e3o refor\u00e7a a aten\u00e7\u00e3o internacional sobre Angola e a necessidade de criar condi\u00e7\u00f5es para elei\u00e7\u00f5es cred\u00edveis, institui\u00e7\u00f5es mais democr\u00e1ticas e um ambiente pol\u00edtico de maior confian\u00e7a e estabilidade.<\/p>\n","protected":false},"excerpt":{"rendered":"<p>O Presidente da UNITA, Adalberto Costa J\u00fanior, foi recebido em audi\u00eancia no dia 21 de agosto de 2026, pelo Papa Le\u00e3o XIV, durante o 17\u00ba Encontro Anual da Rede Internacional de Legisladores Cat\u00f3licos que este ano dedicou particular aten\u00e7\u00e3o aos desafios colocados pela intelig\u00eancia artificial e novas tecnologias. Jonas Mulato, o Secret\u00e1rio Nacional do Partido [&hellip;]<\/p>\n","protected":false},"author":4,"featured_media":3780,"comment_status":"open","ping_status":"open","sticky":false,"template":"","format":"standard","meta":{"nf_dc_page":"","om_disable_all_campaigns":false,"pagelayer_contact_templates":[],"_pagelayer_content":"","_jetpack_newsletter_access":"","_jetpack_dont_email_post_to_subs":false,"_jetpack_newsletter_tier_id":0,"_jetpack_memberships_contains_paywalled_content":false,"_jetpack_memberships_contains_paid_content":false,"footnotes":""},"categories":[26],"tags":[],"class_list":["post-3777","post","type-post","status-publish","format-standard","has-post-thumbnail","hentry","category-noticias"],"blog_post_layout_featured_media_urls":{"thumbnail":["https:\/\/i0.wp.com\/unita-angola.co.ao\/terrangolana\/wp-content\/uploads\/2026\/08\/Presidente-da-UNITA-com-Papa-Leao-XIV.jpg?resize=150%2C150&ssl=1",150,150,true],"full":["https:\/\/i0.wp.com\/unita-angola.co.ao\/terrangolana\/wp-content\/uploads\/2026\/08\/Presidente-da-UNITA-com-Papa-Leao-XIV.jpg?fit=1600%2C1066&ssl=1",1600,1066,false]},"categories_names":{"26":{"name":"Not\u00edcias","link":"https:\/\/unita-angola.co.ao\/terrangolana\/category\/noticias\/"}},"tags_names":[],"comments_number":"0","wpmagazine_modules_lite_featured_media_urls":{"thumbnail":["https:\/\/i0.wp.com\/unita-angola.co.ao\/terrangolana\/wp-content\/uploads\/2026\/08\/Presidente-da-UNITA-com-Papa-Leao-XIV.jpg?resize=150%2C150&ssl=1",150,150,true],"cvmm-medium":["https:\/\/i0.wp.com\/unita-angola.co.ao\/terrangolana\/wp-content\/uploads\/2026\/08\/Presidente-da-UNITA-com-Papa-Leao-XIV.jpg?resize=300%2C300&ssl=1",300,300,true],"cvmm-medium-plus":["https:\/\/i0.wp.com\/unita-angola.co.ao\/terrangolana\/wp-content\/uploads\/2026\/08\/Presidente-da-UNITA-com-Papa-Leao-XIV.jpg?resize=305%2C207&ssl=1",305,207,true],"cvmm-portrait":["https:\/\/i0.wp.com\/unita-angola.co.ao\/terrangolana\/wp-content\/uploads\/2026\/08\/Presidente-da-UNITA-com-Papa-Leao-XIV.jpg?resize=400%2C600&ssl=1",400,600,true],"cvmm-medium-square":["https:\/\/i0.wp.com\/unita-angola.co.ao\/terrangolana\/wp-content\/uploads\/2026\/08\/Presidente-da-UNITA-com-Papa-Leao-XIV.jpg?resize=600%2C600&ssl=1",600,600,true],"cvmm-large":["https:\/\/i0.wp.com\/unita-angola.co.ao\/terrangolana\/wp-content\/uploads\/2026\/08\/Presidente-da-UNITA-com-Papa-Leao-XIV.jpg?resize=1024%2C1024&ssl=1",1024,1024,true],"cvmm-small":["https:\/\/i0.wp.com\/unita-angola.co.ao\/terrangolana\/wp-content\/uploads\/2026\/08\/Presidente-da-UNITA-com-Papa-Leao-XIV.jpg?resize=130%2C95&ssl=1",130,95,true],"full":["https:\/\/i0.wp.com\/unita-angola.co.ao\/terrangolana\/wp-content\/uploads\/2026\/08\/Presidente-da-UNITA-com-Papa-Leao-XIV.jpg?fit=1600%2C1066&ssl=1",1600,1066,false]},"jetpack_sharing_enabled":true,"jetpack_featured_media_url":"https:\/\/i0.wp.com\/unita-angola.co.ao\/terrangolana\/wp-content\/uploads\/2026\/08\/Presidente-da-UNITA-com-Papa-Leao-XIV.jpg?fit=1600%2C1066&ssl=1","_links":{"self":[{"href":"https:\/\/unita-angola.co.ao\/terrangolana\/wp-json\/wp\/v2\/posts\/3777","targetHints":{"allow":["GET"]}}],"collection":[{"href":"https:\/\/unita-angola.co.ao\/terrangolana\/wp-json\/wp\/v2\/posts"}],"about":[{"href":"https:\/\/unita-angola.co.ao\/terrangolana\/wp-json\/wp\/v2\/types\/post"}],"author":[{"embeddable":true,"href":"https:\/\/unita-angola.co.ao\/terrangolana\/wp-json\/wp\/v2\/users\/4"}],"replies":[{"embeddable":true,"href":"https:\/\/unita-angola.co.ao\/terrangolana\/wp-json\/wp\/v2\/comments?post=3777"}],"version-history":[{"count":1,"href":"https:\/\/unita-angola.co.ao\/terrangolana\/wp-json\/wp\/v2\/posts\/3777\/revisions"}],"predecessor-version":[{"id":3781,"href":"https:\/\/unita-angola.co.ao\/terrangolana\/wp-json\/wp\/v2\/posts\/3777\/revisions\/3781"}],"wp:featuredmedia":[{"embeddable":true,"href":"https:\/\/unita-angola.co.ao\/terrangolana\/wp-json\/wp\/v2\/media\/3780"}],"wp:attachment":[{"href":"https:\/\/unita-angola.co.ao\/terrangolana\/wp-json\/wp\/v2\/media?parent=3777"}],"wp:term":[{"taxonomy":"category","embeddable":true,"href":"https:\/\/unita-angola.co.ao\/terrangolana\/wp-json\/wp\/v2\/categories?post=3777"},{"taxonomy":"post_tag","embeddable":true,"href":"https:\/\/unita-angola.co.ao\/terrangolana\/wp-json\/wp\/v2\/tags?post=3777"}],"curies":[{"name":"wp","href":"https:\/\/api.w.org\/{rel}","templated":true}]}}