{"id":3766,"date":"2026-08-26T13:35:29","date_gmt":"2026-08-26T12:35:29","guid":{"rendered":"https:\/\/unita-angola.co.ao\/terrangolana\/?p=3766"},"modified":"2026-08-26T13:36:05","modified_gmt":"2026-08-26T12:36:05","slug":"a-policia-atacou-militantes-da-unita-ferindo-os-com-armas-de-fogo-em-plena-luz-do-dia-diz-arlete-chimbinda","status":"publish","type":"post","link":"https:\/\/unita-angola.co.ao\/terrangolana\/a-policia-atacou-militantes-da-unita-ferindo-os-com-armas-de-fogo-em-plena-luz-do-dia-diz-arlete-chimbinda\/","title":{"rendered":"\u201cA pol\u00edcia atacou militantes da UNITA, ferindo-os com armas de fogo em plena luz do dia\u201d, diz Arlete Chimbinda"},"content":{"rendered":"<p>A dire\u00e7\u00e3o da UNITA apresentou nesta ter\u00e7a-feira, 18 de Agosto de 2026, em confer\u00eancia de imprensa em Luanda, a verdade dos factos ocorridos no dia 8 de agosto do corrente ano na prov\u00edncia do U\u00edge em que onde a pol\u00edcia nacional ataque militantes da UNITA e popula\u00e7\u00e3o em geral, e inviabilizado o acto central das comemora\u00e7\u00f5es do 3 de agosto data natal\u00edcia do l\u00edder fundador da UNITA, Jonas Malheiro Savimbi.<\/p>\n<p>A Vice-Presidente da UNITA, Alerte Chimbinda, que dirigiu o encontro decorrido na sede do Grupo Parlamentar da UNITA, esclareceu que, a pol\u00edcia atacou militantes da unita, ferindo-os com armas de fogo em plena luz do dia,<\/p>\n<p>Segundo Arlete Chimbinda, o MPLA, num claro sentido de sabotagem, ocupou praticamente todos os espa\u00e7os da cidade do U\u00edge e das zonas perif\u00e9ricas, nomeadamente nos munic\u00edpios adjacentes \u00e0s vias por onde passariam as delega\u00e7\u00f5es da UNITA, come\u00e7ando por Vista Alegre, Quitexi e outras localidades.<\/p>\n<p>\u201cO MPLA hasteou as suas bandeiras como se estiv\u00e9ssemos em plena \u00e9poca de campanha eleitoral. Tratou-se de uma evidente intoxica\u00e7\u00e3o visual e de um acto provocador, destinado a confundir a popula\u00e7\u00e3o, perturbar o ambiente e sabotar a agenda da UNITA\u201d, afirmou a Vice-Presidente da UNITA.<\/p>\n<p>De acordo com Arlete Chimbinda, ainda assim, a UNITA n\u00e3o promoveu qualquer contesta\u00e7\u00e3o a estas provoca\u00e7\u00f5es. No dia 8 de agosto de 2026, deliberadamente, a pol\u00edcia atacou aquilo que acredit\u00e1vamos ser o mais elementar exerc\u00edcio da democracia.<\/p>\n<p>Segundo a interven\u00e7\u00e3o da Vice-presidente, a pol\u00edcia atacou a UNITA e a sua agenda de realiza\u00e7\u00e3o de um com\u00edcio p\u00fablico, previamente comunicado \u00e0s autoridades locais e, acima de tudo, legalmente reconhecida e protegida pela Constitui\u00e7\u00e3o da Rep\u00fablica de Angola e pela lei dos partidos pol\u00edticos.<\/p>\n<p>\u201cA pol\u00edcia atacou militantes da UNITA, ferindo-os com armas de fogo em plena luz do dia\u201d.<\/p>\n<p>\u201cNa sequ\u00eancia, violou tamb\u00e9m a sede do partido, invadindo as suas instala\u00e7\u00f5es e profanando documentos, s\u00edmbolos e outros bens da UNITA, sem que esta tivesse provocado qualquer confronto ou ato de viol\u00eancia\u201d.<\/p>\n<p>Para a Vice-Presidente, se tratou de um ataque deliberado, premeditado e coordenado, porque enquanto a Pol\u00edcia Nacional bloqueava ruas, impedia o acesso aos mercados, incluindo os informais, e ordenava o encerramento de atividades comerciais, a mesma pol\u00edcia permitia que o MPLA continuasse livremente a espalhar as suas bandeiras pelas ruas e que os seus jovens se desdobrassem em actos de provoca\u00e7\u00e3o.<\/p>\n<p>\u201cAinda no \u00e2mbito dessa provoca\u00e7\u00e3o, o MPLA realizou atividades com m\u00fasica, inclusive no interior dos hot\u00e9is onde se encontrava hospedada grande parte das delega\u00e7\u00f5es da UNITA Reunimos provas de todos esses fatos\u201d.<\/p>\n<p>\u201cO mesmo sucedeu nas principais avenidas, incluindo no largo situado em frente ao pr\u00f3prio Governo Prudencial, Lu\u00eds. A caravana da UNITA foi desviada pela pol\u00edcia sob o argumento de que n\u00e3o poderia passar em frente ao Governo Provincial\u201d.<\/p>\n<p>A Vice-Presidente da UNITA para a \u00c1rea Pol\u00edtica, real\u00e7ou tamb\u00e9m que, ao mesmo tempo, e paradoxalmente, os militantes do MPLA organizavam precisamente em frente ao Governo Provincial, uma marcha com motorizadas, miniaturas e bandeiras.<\/p>\n","protected":false},"excerpt":{"rendered":"<p>A dire\u00e7\u00e3o da UNITA apresentou nesta ter\u00e7a-feira, 18 de Agosto de 2026, em confer\u00eancia de imprensa em Luanda, a verdade dos factos ocorridos no dia 8 de agosto do corrente ano na prov\u00edncia do U\u00edge em que onde a pol\u00edcia nacional ataque militantes da UNITA e popula\u00e7\u00e3o em geral, e inviabilizado o acto central das [&hellip;]<\/p>\n","protected":false},"author":4,"featured_media":3769,"comment_status":"open","ping_status":"open","sticky":false,"template":"","format":"standard","meta":{"nf_dc_page":"","om_disable_all_campaigns":false,"pagelayer_contact_templates":[],"_pagelayer_content":"","_jetpack_newsletter_access":"","_jetpack_dont_email_post_to_subs":false,"_jetpack_newsletter_tier_id":0,"_jetpack_memberships_contains_paywalled_content":false,"_jetpack_memberships_contains_paid_content":false,"footnotes":""},"categories":[25],"tags":[],"class_list":["post-3766","post","type-post","status-publish","format-standard","has-post-thumbnail","hentry","category-politica"],"blog_post_layout_featured_media_urls":{"thumbnail":["https:\/\/i0.wp.com\/unita-angola.co.ao\/terrangolana\/wp-content\/uploads\/2026\/08\/Sobre-o-ataque-da-Policia-no-Uige.png?resize=150%2C150&ssl=1",150,150,true],"full":["https:\/\/i0.wp.com\/unita-angola.co.ao\/terrangolana\/wp-content\/uploads\/2026\/08\/Sobre-o-ataque-da-Policia-no-Uige.png?fit=768%2C432&ssl=1",768,432,false]},"categories_names":{"25":{"name":"Pol\u00edtica","link":"https:\/\/unita-angola.co.ao\/terrangolana\/category\/politica\/"}},"tags_names":[],"comments_number":"0","wpmagazine_modules_lite_featured_media_urls":{"thumbnail":["https:\/\/i0.wp.com\/unita-angola.co.ao\/terrangolana\/wp-content\/uploads\/2026\/08\/Sobre-o-ataque-da-Policia-no-Uige.png?resize=150%2C150&ssl=1",150,150,true],"cvmm-medium":["https:\/\/i0.wp.com\/unita-angola.co.ao\/terrangolana\/wp-content\/uploads\/2026\/08\/Sobre-o-ataque-da-Policia-no-Uige.png?resize=300%2C300&ssl=1",300,300,true],"cvmm-medium-plus":["https:\/\/i0.wp.com\/unita-angola.co.ao\/terrangolana\/wp-content\/uploads\/2026\/08\/Sobre-o-ataque-da-Policia-no-Uige.png?resize=305%2C207&ssl=1",305,207,true],"cvmm-portrait":["https:\/\/i0.wp.com\/unita-angola.co.ao\/terrangolana\/wp-content\/uploads\/2026\/08\/Sobre-o-ataque-da-Policia-no-Uige.png?resize=400%2C432&ssl=1",400,432,true],"cvmm-medium-square":["https:\/\/i0.wp.com\/unita-angola.co.ao\/terrangolana\/wp-content\/uploads\/2026\/08\/Sobre-o-ataque-da-Policia-no-Uige.png?resize=600%2C432&ssl=1",600,432,true],"cvmm-large":["https:\/\/i0.wp.com\/unita-angola.co.ao\/terrangolana\/wp-content\/uploads\/2026\/08\/Sobre-o-ataque-da-Policia-no-Uige.png?resize=768%2C432&ssl=1",768,432,true],"cvmm-small":["https:\/\/i0.wp.com\/unita-angola.co.ao\/terrangolana\/wp-content\/uploads\/2026\/08\/Sobre-o-ataque-da-Policia-no-Uige.png?resize=130%2C95&ssl=1",130,95,true],"full":["https:\/\/i0.wp.com\/unita-angola.co.ao\/terrangolana\/wp-content\/uploads\/2026\/08\/Sobre-o-ataque-da-Policia-no-Uige.png?fit=768%2C432&ssl=1",768,432,false]},"jetpack_sharing_enabled":true,"jetpack_featured_media_url":"https:\/\/i0.wp.com\/unita-angola.co.ao\/terrangolana\/wp-content\/uploads\/2026\/08\/Sobre-o-ataque-da-Policia-no-Uige.png?fit=768%2C432&ssl=1","_links":{"self":[{"href":"https:\/\/unita-angola.co.ao\/terrangolana\/wp-json\/wp\/v2\/posts\/3766","targetHints":{"allow":["GET"]}}],"collection":[{"href":"https:\/\/unita-angola.co.ao\/terrangolana\/wp-json\/wp\/v2\/posts"}],"about":[{"href":"https:\/\/unita-angola.co.ao\/terrangolana\/wp-json\/wp\/v2\/types\/post"}],"author":[{"embeddable":true,"href":"https:\/\/unita-angola.co.ao\/terrangolana\/wp-json\/wp\/v2\/users\/4"}],"replies":[{"embeddable":true,"href":"https:\/\/unita-angola.co.ao\/terrangolana\/wp-json\/wp\/v2\/comments?post=3766"}],"version-history":[{"count":2,"href":"https:\/\/unita-angola.co.ao\/terrangolana\/wp-json\/wp\/v2\/posts\/3766\/revisions"}],"predecessor-version":[{"id":3771,"href":"https:\/\/unita-angola.co.ao\/terrangolana\/wp-json\/wp\/v2\/posts\/3766\/revisions\/3771"}],"wp:featuredmedia":[{"embeddable":true,"href":"https:\/\/unita-angola.co.ao\/terrangolana\/wp-json\/wp\/v2\/media\/3769"}],"wp:attachment":[{"href":"https:\/\/unita-angola.co.ao\/terrangolana\/wp-json\/wp\/v2\/media?parent=3766"}],"wp:term":[{"taxonomy":"category","embeddable":true,"href":"https:\/\/unita-angola.co.ao\/terrangolana\/wp-json\/wp\/v2\/categories?post=3766"},{"taxonomy":"post_tag","embeddable":true,"href":"https:\/\/unita-angola.co.ao\/terrangolana\/wp-json\/wp\/v2\/tags?post=3766"}],"curies":[{"name":"wp","href":"https:\/\/api.w.org\/{rel}","templated":true}]}}