{"id":3757,"date":"2026-08-24T04:39:18","date_gmt":"2026-08-24T03:39:18","guid":{"rendered":"https:\/\/unita-angola.co.ao\/terrangolana\/?p=3757"},"modified":"2026-08-27T06:22:37","modified_gmt":"2026-08-27T05:22:37","slug":"gpu-exerce-seu-papel-de-forma-firme-responsavel-propositiva-fiscalizadora-e-proxima-dos-cidadaos","status":"publish","type":"post","link":"https:\/\/unita-angola.co.ao\/terrangolana\/gpu-exerce-seu-papel-de-forma-firme-responsavel-propositiva-fiscalizadora-e-proxima-dos-cidadaos\/","title":{"rendered":"GPU exerce seu papel de forma firme, respons\u00e1vel, propositiva, fiscalizadora e pr\u00f3xima dos cidad\u00e3os"},"content":{"rendered":"<p>O Grupo Parlamentar da UNITA procedeu nesta quarta-feira, 19 de Agosto de 2026, em Luanda, uma confer\u00eancia de imprensa de balan\u00e7o do seu desempenho na IV ano legislativo, terminado no passado dia 15 de Agosto, considerando que foi um ano de intensa actividade parlamentar, marcada por \u201capresenta\u00e7\u00e3o de iniciativas legislativas\u201d, \u201cfiscaliza\u00e7\u00e3o da ac\u00e7\u00e3o governativa\u201d, \u201cinterpela\u00e7\u00f5es e interven\u00e7\u00f5es parlamentares\u201d, \u201crequerimentos e uso de instrumentos de controlo parlamentar\u201d, a \u201cfiscaliza\u00e7\u00e3o da constitucionalidade\u201d, bem como realiza\u00e7\u00e3o de \u201cJornadas Parlamentares e Jornadas nas Comunidades\u201d.<\/p>\n<p>A Presidente do Grupo Parlamentar da UNITA, Navita Ngolo, que dirigiu a confer\u00eancia de imprensa, assegurou na sua interven\u00e7\u00e3o que, o Grupo Parlamentar da UNITA exerceu e continuar\u00e1 a exercer o seu papel de forma firme, respons\u00e1vel, propositiva, fiscalizadora e pr\u00f3xima dos cidad\u00e3os<\/p>\n<p>Navita Ngolo fez saber durante a confer\u00eancia que, o Grupo Parlamentar apresentou propostas destinadas, sobretudo, ao refor\u00e7o do Estado Democr\u00e1tico e de Direito, \u00e0 protec\u00e7\u00e3o dos direitos dos cidad\u00e3os e ao aperfei\u00e7oamento do quadro pol\u00edtico e eleitoral, tendo destacado que, estas iniciativas demonstram, de forma clara, que a UNITA n\u00e3o se limita\u00a0 a criticar, \u201ca UNITA apresenta propostas. A UNITA apresenta solu\u00e7\u00f5es\u201d, defendeu Navita Ngolo.<\/p>\n<p>No \u00e2mbito da fiscaliza\u00e7\u00e3o governativa Navita Ngolo deu a fez saber que, o grupo parlamentar que dirige apresentou requerimentos, pedidos de informa\u00e7\u00e3o, propostas de audi\u00e7\u00e3o, interpela\u00e7\u00f5es in interven\u00e7\u00f5es parlamentares destinadas a obter esclarecimentos sobre mat\u00e9rias de grande relev\u00e2ncia nacional.<\/p>\n<p>Sobre as interpela\u00e7\u00f5es no parlamento, Navita Ngolo disse que, o Grupo Parlamentar da UNITA promoveu diversas interpela\u00e7\u00f5es e interven\u00e7\u00f5es parlamentares, incluindo algumas com car\u00e1cter de urg\u00eancia, sobre mat\u00e9rias que afectam directamente a vida dos ciad\u00e3os e o funcionamento das institui\u00e7\u00f5es p\u00fablicas.<\/p>\n<p>Ainda de acordo com a respons\u00e1vel parlamentar, durante este ano legislativo, o Grupo Parlamentar da UNITA utilizou os instrumentos regimentais ao seu alcance, para solicitar informa\u00e7\u00f5es, exigir esclarecimentos e trazer ao Parlamento mat\u00e9rias de interesse nacional.<\/p>\n<p>Quanto \u00e0 fiscaliza\u00e7\u00e3o da constitucionalidade, a parlamentar real\u00e7ou que, \u201cno dom\u00ednio da defesa da Constitui\u00e7\u00e3o e do Estado de Direito Democr\u00e1tico, o Grupo Parlamentar da UNITA recorreu igualmente aos mecanismos de fiscaliza\u00e7\u00e3o da constitucionalidade, sempre que considerou existir\u201d.<\/p>\n<p>Segundo Navita Ngolo, o balan\u00e7o deste ano legislativo permite afirmar que o Grupo Parlamentar da UNITA procurou exercer o seu papel de forma firme, respons\u00e1vel, propositiva, fiscalizadora e pr\u00f3xima dos cidad\u00e3os.<\/p>\n<p>Para a parlamentar, no plano institucional, os deputados do seu grupo parlamentar continuam a defender a necessidade de refor\u00e7ar a independ\u00eancia das institui\u00e7\u00f5es do Estado, a separa\u00e7\u00e3o de efectiva de poderes, a transpar\u00eancia na gest\u00e3o da coisa p\u00fablica e o combate s\u00e9rio \u00e0 corrup\u00e7\u00e3o.<\/p>\n<p>\u201cO Grupo Parlamentar da UNITA continuar\u00e1 firme a exercer o seu mandato. N\u00e3o queremos um Parlamento que apenas discuta os problemas de Angola. Queremos um Parlamento que ajude a encontrar solu\u00e7\u00f5es para Angola. E, n\u00e3o queremos apenas uma mudan\u00e7a de pessoas no poder. Queremos uma mudan\u00e7a na forma de exercer o poder\u201d, disse Navita Ngolo.<\/p>\n","protected":false},"excerpt":{"rendered":"<p>O Grupo Parlamentar da UNITA procedeu nesta quarta-feira, 19 de Agosto de 2026, em Luanda, uma confer\u00eancia de imprensa de balan\u00e7o do seu desempenho na IV ano legislativo, terminado no passado dia 15 de Agosto, considerando que foi um ano de intensa actividade parlamentar, marcada por \u201capresenta\u00e7\u00e3o de iniciativas legislativas\u201d, \u201cfiscaliza\u00e7\u00e3o da ac\u00e7\u00e3o governativa\u201d, \u201cinterpela\u00e7\u00f5es [&hellip;]<\/p>\n","protected":false},"author":4,"featured_media":3494,"comment_status":"open","ping_status":"open","sticky":false,"template":"","format":"standard","meta":{"nf_dc_page":"","om_disable_all_campaigns":false,"pagelayer_contact_templates":[],"_pagelayer_content":"","_jetpack_newsletter_access":"","_jetpack_dont_email_post_to_subs":false,"_jetpack_newsletter_tier_id":0,"_jetpack_memberships_contains_paywalled_content":false,"_jetpack_memberships_contains_paid_content":false,"footnotes":""},"categories":[25],"tags":[],"class_list":["post-3757","post","type-post","status-publish","format-standard","has-post-thumbnail","hentry","category-politica"],"blog_post_layout_featured_media_urls":{"thumbnail":["https:\/\/i0.wp.com\/unita-angola.co.ao\/terrangolana\/wp-content\/uploads\/2026\/06\/Conferencia-de-Imprensa-do-Grupo-Parlamentar-da-UNITA-scaled.jpg?resize=150%2C150&ssl=1",150,150,true],"full":["https:\/\/i0.wp.com\/unita-angola.co.ao\/terrangolana\/wp-content\/uploads\/2026\/06\/Conferencia-de-Imprensa-do-Grupo-Parlamentar-da-UNITA-scaled.jpg?fit=2560%2C1124&ssl=1",2560,1124,false]},"categories_names":{"25":{"name":"Pol\u00edtica","link":"https:\/\/unita-angola.co.ao\/terrangolana\/category\/politica\/"}},"tags_names":[],"comments_number":"0","wpmagazine_modules_lite_featured_media_urls":{"thumbnail":["https:\/\/i0.wp.com\/unita-angola.co.ao\/terrangolana\/wp-content\/uploads\/2026\/06\/Conferencia-de-Imprensa-do-Grupo-Parlamentar-da-UNITA-scaled.jpg?resize=150%2C150&ssl=1",150,150,true],"cvmm-medium":["https:\/\/i0.wp.com\/unita-angola.co.ao\/terrangolana\/wp-content\/uploads\/2026\/06\/Conferencia-de-Imprensa-do-Grupo-Parlamentar-da-UNITA-scaled.jpg?resize=300%2C300&ssl=1",300,300,true],"cvmm-medium-plus":["https:\/\/i0.wp.com\/unita-angola.co.ao\/terrangolana\/wp-content\/uploads\/2026\/06\/Conferencia-de-Imprensa-do-Grupo-Parlamentar-da-UNITA-scaled.jpg?resize=305%2C207&ssl=1",305,207,true],"cvmm-portrait":["https:\/\/i0.wp.com\/unita-angola.co.ao\/terrangolana\/wp-content\/uploads\/2026\/06\/Conferencia-de-Imprensa-do-Grupo-Parlamentar-da-UNITA-scaled.jpg?resize=400%2C600&ssl=1",400,600,true],"cvmm-medium-square":["https:\/\/i0.wp.com\/unita-angola.co.ao\/terrangolana\/wp-content\/uploads\/2026\/06\/Conferencia-de-Imprensa-do-Grupo-Parlamentar-da-UNITA-scaled.jpg?resize=600%2C600&ssl=1",600,600,true],"cvmm-large":["https:\/\/i0.wp.com\/unita-angola.co.ao\/terrangolana\/wp-content\/uploads\/2026\/06\/Conferencia-de-Imprensa-do-Grupo-Parlamentar-da-UNITA-scaled.jpg?resize=1024%2C1024&ssl=1",1024,1024,true],"cvmm-small":["https:\/\/i0.wp.com\/unita-angola.co.ao\/terrangolana\/wp-content\/uploads\/2026\/06\/Conferencia-de-Imprensa-do-Grupo-Parlamentar-da-UNITA-scaled.jpg?resize=130%2C95&ssl=1",130,95,true],"full":["https:\/\/i0.wp.com\/unita-angola.co.ao\/terrangolana\/wp-content\/uploads\/2026\/06\/Conferencia-de-Imprensa-do-Grupo-Parlamentar-da-UNITA-scaled.jpg?fit=2560%2C1124&ssl=1",2560,1124,false]},"jetpack_sharing_enabled":true,"jetpack_featured_media_url":"https:\/\/i0.wp.com\/unita-angola.co.ao\/terrangolana\/wp-content\/uploads\/2026\/06\/Conferencia-de-Imprensa-do-Grupo-Parlamentar-da-UNITA-scaled.jpg?fit=2560%2C1124&ssl=1","_links":{"self":[{"href":"https:\/\/unita-angola.co.ao\/terrangolana\/wp-json\/wp\/v2\/posts\/3757","targetHints":{"allow":["GET"]}}],"collection":[{"href":"https:\/\/unita-angola.co.ao\/terrangolana\/wp-json\/wp\/v2\/posts"}],"about":[{"href":"https:\/\/unita-angola.co.ao\/terrangolana\/wp-json\/wp\/v2\/types\/post"}],"author":[{"embeddable":true,"href":"https:\/\/unita-angola.co.ao\/terrangolana\/wp-json\/wp\/v2\/users\/4"}],"replies":[{"embeddable":true,"href":"https:\/\/unita-angola.co.ao\/terrangolana\/wp-json\/wp\/v2\/comments?post=3757"}],"version-history":[{"count":1,"href":"https:\/\/unita-angola.co.ao\/terrangolana\/wp-json\/wp\/v2\/posts\/3757\/revisions"}],"predecessor-version":[{"id":3760,"href":"https:\/\/unita-angola.co.ao\/terrangolana\/wp-json\/wp\/v2\/posts\/3757\/revisions\/3760"}],"wp:featuredmedia":[{"embeddable":true,"href":"https:\/\/unita-angola.co.ao\/terrangolana\/wp-json\/wp\/v2\/media\/3494"}],"wp:attachment":[{"href":"https:\/\/unita-angola.co.ao\/terrangolana\/wp-json\/wp\/v2\/media?parent=3757"}],"wp:term":[{"taxonomy":"category","embeddable":true,"href":"https:\/\/unita-angola.co.ao\/terrangolana\/wp-json\/wp\/v2\/categories?post=3757"},{"taxonomy":"post_tag","embeddable":true,"href":"https:\/\/unita-angola.co.ao\/terrangolana\/wp-json\/wp\/v2\/tags?post=3757"}],"curies":[{"name":"wp","href":"https:\/\/api.w.org\/{rel}","templated":true}]}}