{"id":3752,"date":"2026-08-24T04:29:33","date_gmt":"2026-08-24T03:29:33","guid":{"rendered":"https:\/\/unita-angola.co.ao\/terrangolana\/?p=3752"},"modified":"2026-08-24T04:35:01","modified_gmt":"2026-08-24T03:35:01","slug":"presidente-da-unita-mantem-encontro-com-membros-do-movimento-civico-mudei","status":"publish","type":"post","link":"https:\/\/unita-angola.co.ao\/terrangolana\/presidente-da-unita-mantem-encontro-com-membros-do-movimento-civico-mudei\/","title":{"rendered":"Presidente da UNITA mant\u00e9m encontro com membros do movimento c\u00edvico MUDEI"},"content":{"rendered":"<p>O Presidente da UNITA visitou nesta segunda-feira, 17 de Agosto de 2026, as instala\u00e7\u00f5es do movimento c\u00edvico MUDEI, onde abordou com membros da organiza\u00e7\u00e3o quest\u00f5es relacionadas com o processo eleitoral que se vive no pa\u00eds e sobre o \u201cPacto de Estabilidade\u201d proposto pela UNITA.<\/p>\n<p>\u00c1lvaro Chikwamanga DanieI, o Vice-Presidente da UNITA para a Organiza\u00e7\u00e3o e Assuntos Eleitorais, que acompanhou o Presidente da UNITA, considerou que foi uma conversa muito aberta e muito respons\u00e1vel, que girou em volta de quest\u00f5es importantes da atualidade.<\/p>\n<p>Numa altura que o pa\u00eds est\u00e1 num ano pr\u00e9-eleitoral, o Vice-Presidente da UNITA para a Organiza\u00e7\u00e3o e Assuntos Eleitorais revelou, para al\u00e9m do \u201cPacto de Estabilidade\u201d que, abordou-se tamb\u00e9m sobre o ambiente pol\u00edtico que se vive no pa\u00eds, mormente ligado \u00e0s restri\u00e7\u00f5es das liberdades dos cidad\u00e3os.<\/p>\n<p>\u201cComo dizia, na atualidade tamb\u00e9m est\u00e1 o debate p\u00fablico sobre a proposta do Pacto de Estabilidade, uma proposta pol\u00edtica estrat\u00e9gica, na l\u00f3gica, de afastar os medos e os receios que muitas vezes caracterizam a nossa sociedade, e muito mais o partido no regime, quando estamos perante as elei\u00e7\u00f5es\u201d, disse \u00c1lvaro Chikwamanga.<\/p>\n<p>No final da visita, o Presidente da UNITA manifestou satisfa\u00e7\u00e3o pelo encontro e os resultados alcan\u00e7ados por ambas as partes.<\/p>\n<p><strong>\u00a0<\/strong>Da parte do movimento c\u00edvico MUDEI falou o porta-voz da organiza\u00e7\u00e3o, Jaime Domingos, que considerou o encontro patri\u00f3tico e caloroso, destacando a abordagem de quest\u00f5es ligadas ao processo eleitoral e o \u201cPacto de Estabilidade\u201d.<\/p>\n<p>\u201cFoi um encontro tanto quanto caloroso, um encontro de cidad\u00e3os desta Angola, aqueles cidad\u00e3os que, de certo modo, pensam e vivem e respiram aquilo que tem a ver com a angolanidade\u201d.<\/p>\n<p>\u201cMas \u00e9 fundamental frisar o n\u00edvel de humildade com que o Presidente da UNITA teve em solicitar um encontro com a cidade civil, sobretudo o movimento c\u00edvico MUDEI\u201d, disse o activista que louvou o gesto de humildade do Presidente da UNITA.<\/p>\n<p>Na ocasi\u00e3o, Jaime Domingos considerou o \u201cPacto de Estabilidade\u201d como um ganho para a humanidade.<\/p>\n<p>\u201cMas, um elemento fundamental que poderia frisar aqui tem a ver com o \u201cPacto da Estabilidade\u201d que foi discutido por n\u00f3s e que, para n\u00f3s \u00e9 um ganho para a humanidade\u201d, real\u00e7ou o Porta-voz do MUDEI.<\/p>\n","protected":false},"excerpt":{"rendered":"<p>O Presidente da UNITA visitou nesta segunda-feira, 17 de Agosto de 2026, as instala\u00e7\u00f5es do movimento c\u00edvico MUDEI, onde abordou com membros da organiza\u00e7\u00e3o quest\u00f5es relacionadas com o processo eleitoral que se vive no pa\u00eds e sobre o \u201cPacto de Estabilidade\u201d proposto pela UNITA. \u00c1lvaro Chikwamanga DanieI, o Vice-Presidente da UNITA para a Organiza\u00e7\u00e3o e [&hellip;]<\/p>\n","protected":false},"author":4,"featured_media":3756,"comment_status":"open","ping_status":"open","sticky":false,"template":"","format":"standard","meta":{"nf_dc_page":"","om_disable_all_campaigns":false,"pagelayer_contact_templates":[],"_pagelayer_content":"","_jetpack_newsletter_access":"","_jetpack_dont_email_post_to_subs":false,"_jetpack_newsletter_tier_id":0,"_jetpack_memberships_contains_paywalled_content":false,"_jetpack_memberships_contains_paid_content":false,"footnotes":""},"categories":[25],"tags":[],"class_list":["post-3752","post","type-post","status-publish","format-standard","has-post-thumbnail","hentry","category-politica"],"blog_post_layout_featured_media_urls":{"thumbnail":["https:\/\/i0.wp.com\/unita-angola.co.ao\/terrangolana\/wp-content\/uploads\/2026\/08\/Presidente-da-UNITA-Adalberto-Costa-Junior-em-encontro-com-lideranca-da-IECA-I.jpg?resize=150%2C150&ssl=1",150,150,true],"full":["https:\/\/i0.wp.com\/unita-angola.co.ao\/terrangolana\/wp-content\/uploads\/2026\/08\/Presidente-da-UNITA-Adalberto-Costa-Junior-em-encontro-com-lideranca-da-IECA-I.jpg?fit=1280%2C720&ssl=1",1280,720,false]},"categories_names":{"25":{"name":"Pol\u00edtica","link":"https:\/\/unita-angola.co.ao\/terrangolana\/category\/politica\/"}},"tags_names":[],"comments_number":"0","wpmagazine_modules_lite_featured_media_urls":{"thumbnail":["https:\/\/i0.wp.com\/unita-angola.co.ao\/terrangolana\/wp-content\/uploads\/2026\/08\/Presidente-da-UNITA-Adalberto-Costa-Junior-em-encontro-com-lideranca-da-IECA-I.jpg?resize=150%2C150&ssl=1",150,150,true],"cvmm-medium":["https:\/\/i0.wp.com\/unita-angola.co.ao\/terrangolana\/wp-content\/uploads\/2026\/08\/Presidente-da-UNITA-Adalberto-Costa-Junior-em-encontro-com-lideranca-da-IECA-I.jpg?resize=300%2C300&ssl=1",300,300,true],"cvmm-medium-plus":["https:\/\/i0.wp.com\/unita-angola.co.ao\/terrangolana\/wp-content\/uploads\/2026\/08\/Presidente-da-UNITA-Adalberto-Costa-Junior-em-encontro-com-lideranca-da-IECA-I.jpg?resize=305%2C207&ssl=1",305,207,true],"cvmm-portrait":["https:\/\/i0.wp.com\/unita-angola.co.ao\/terrangolana\/wp-content\/uploads\/2026\/08\/Presidente-da-UNITA-Adalberto-Costa-Junior-em-encontro-com-lideranca-da-IECA-I.jpg?resize=400%2C600&ssl=1",400,600,true],"cvmm-medium-square":["https:\/\/i0.wp.com\/unita-angola.co.ao\/terrangolana\/wp-content\/uploads\/2026\/08\/Presidente-da-UNITA-Adalberto-Costa-Junior-em-encontro-com-lideranca-da-IECA-I.jpg?resize=600%2C600&ssl=1",600,600,true],"cvmm-large":["https:\/\/i0.wp.com\/unita-angola.co.ao\/terrangolana\/wp-content\/uploads\/2026\/08\/Presidente-da-UNITA-Adalberto-Costa-Junior-em-encontro-com-lideranca-da-IECA-I.jpg?resize=1024%2C720&ssl=1",1024,720,true],"cvmm-small":["https:\/\/i0.wp.com\/unita-angola.co.ao\/terrangolana\/wp-content\/uploads\/2026\/08\/Presidente-da-UNITA-Adalberto-Costa-Junior-em-encontro-com-lideranca-da-IECA-I.jpg?resize=130%2C95&ssl=1",130,95,true],"full":["https:\/\/i0.wp.com\/unita-angola.co.ao\/terrangolana\/wp-content\/uploads\/2026\/08\/Presidente-da-UNITA-Adalberto-Costa-Junior-em-encontro-com-lideranca-da-IECA-I.jpg?fit=1280%2C720&ssl=1",1280,720,false]},"jetpack_sharing_enabled":true,"jetpack_featured_media_url":"https:\/\/i0.wp.com\/unita-angola.co.ao\/terrangolana\/wp-content\/uploads\/2026\/08\/Presidente-da-UNITA-Adalberto-Costa-Junior-em-encontro-com-lideranca-da-IECA-I.jpg?fit=1280%2C720&ssl=1","_links":{"self":[{"href":"https:\/\/unita-angola.co.ao\/terrangolana\/wp-json\/wp\/v2\/posts\/3752","targetHints":{"allow":["GET"]}}],"collection":[{"href":"https:\/\/unita-angola.co.ao\/terrangolana\/wp-json\/wp\/v2\/posts"}],"about":[{"href":"https:\/\/unita-angola.co.ao\/terrangolana\/wp-json\/wp\/v2\/types\/post"}],"author":[{"embeddable":true,"href":"https:\/\/unita-angola.co.ao\/terrangolana\/wp-json\/wp\/v2\/users\/4"}],"replies":[{"embeddable":true,"href":"https:\/\/unita-angola.co.ao\/terrangolana\/wp-json\/wp\/v2\/comments?post=3752"}],"version-history":[{"count":1,"href":"https:\/\/unita-angola.co.ao\/terrangolana\/wp-json\/wp\/v2\/posts\/3752\/revisions"}],"predecessor-version":[{"id":3755,"href":"https:\/\/unita-angola.co.ao\/terrangolana\/wp-json\/wp\/v2\/posts\/3752\/revisions\/3755"}],"wp:featuredmedia":[{"embeddable":true,"href":"https:\/\/unita-angola.co.ao\/terrangolana\/wp-json\/wp\/v2\/media\/3756"}],"wp:attachment":[{"href":"https:\/\/unita-angola.co.ao\/terrangolana\/wp-json\/wp\/v2\/media?parent=3752"}],"wp:term":[{"taxonomy":"category","embeddable":true,"href":"https:\/\/unita-angola.co.ao\/terrangolana\/wp-json\/wp\/v2\/categories?post=3752"},{"taxonomy":"post_tag","embeddable":true,"href":"https:\/\/unita-angola.co.ao\/terrangolana\/wp-json\/wp\/v2\/tags?post=3752"}],"curies":[{"name":"wp","href":"https:\/\/api.w.org\/{rel}","templated":true}]}}