{"id":3746,"date":"2026-08-14T06:47:02","date_gmt":"2026-08-14T05:47:02","guid":{"rendered":"https:\/\/unita-angola.co.ao\/terrangolana\/?p=3746"},"modified":"2026-08-14T06:47:02","modified_gmt":"2026-08-14T05:47:02","slug":"declaracao-da-idc-cdi-sobre-os-incidentes-violentos-no-uige-angola","status":"publish","type":"post","link":"https:\/\/unita-angola.co.ao\/terrangolana\/declaracao-da-idc-cdi-sobre-os-incidentes-violentos-no-uige-angola\/","title":{"rendered":"DECLARA\u00c7\u00c3O DA IDC-CDI SOBRE OS INCIDENTES VIOLENTOS NO U\u00cdGE, ANGOLA"},"content":{"rendered":"<p>A Internacional Democrata Centrista (IDC-CDI) manifesta a sua profunda preocupa\u00e7\u00e3o perante os graves acontecimentos ocorridos na prov\u00edncia do U\u00edge, Angola, entre os dias 5 e 8 de Agosto de 2026, durante actividades pol\u00edticas e comemorativas lideradas pelo Presidente da UNITA e candidato presidencial \u00e0s elei\u00e7\u00f5es gerais de 2027, Adalberto Costa J\u00fanior.<\/p>\n<p>No dia 8 de Agosto, Adalberto Costa J\u00fanior liderava um com\u00edcio pol\u00edtico organizado pela UNITA quando as for\u00e7as de seguran\u00e7a e de manuten\u00e7\u00e3o da ordem intervieram contra cidad\u00e3os que se encontravam pacificamente reunidos no local previsto para a actividade. \u00c0 medida que a situa\u00e7\u00e3o se deteriorava e come\u00e7ava a viol\u00eancia policial, o Presidente Adalberto Costa J\u00fanior cancelou o com\u00edcio e orientou os participantes a regressarem \u00e0s suas casas, numa tentativa de evitar uma maior escalada da situa\u00e7\u00e3o e proteger os cidad\u00e3os. Como resultado da viol\u00eancia, 34 pessoas ficaram feridas, incluindo 10 em estado cr\u00edtico.<\/p>\n<p>Estes acontecimentos s\u00e3o particularmente graves tendo em conta que Angola se prepara para as elei\u00e7\u00f5es gerais de 2027. Os partidos pol\u00edticos devem poder organizar e realizar livremente e em seguran\u00e7a as suas actividades, enquanto os cidad\u00e3os devem poder participar na vida pol\u00edtica sem intimida\u00e7\u00e3o, viol\u00eancia ou medo.<\/p>\n<p>A IDC-CDI, por conseguinte:<\/p>\n<p>* Manifesta solidariedade para com as v\u00edtimas da viol\u00eancia no U\u00edge e as suas fam\u00edlias, particularmente para com aqueles que permanecem em estado cr\u00edtico;<\/p>\n<p>* Apela \u00e0s autoridades angolanas para que garantam o direito \u00e0 reuni\u00e3o pac\u00edfica, a liberdade de express\u00e3o e a participa\u00e7\u00e3o pol\u00edtica de todos os partidos pol\u00edticos;<\/p>\n<p>* Exorta as for\u00e7as de seguran\u00e7a a actuarem com neutralidade pol\u00edtica, conten\u00e7\u00e3o e pleno respeito pelos direitos humanos e pelo Estado de Direito;<\/p>\n<p>* Apela ao Governo de Angola para que garanta condi\u00e7\u00f5es equitativas de concorr\u00eancia pol\u00edtica para todas as for\u00e7as pol\u00edticas no per\u00edodo que antecede as elei\u00e7\u00f5es gerais de 2027.<\/p>\n<p>A IDC-CDI refor\u00e7a a necessidade de uma miss\u00e3o internacional de observa\u00e7\u00e3o eleitoral cred\u00edvel, independente e abrangente para as elei\u00e7\u00f5es gerais de 2027 em Angola, dotada de tempo e recursos suficientes para observar n\u00e3o apenas o dia das elei\u00e7\u00f5es, mas tamb\u00e9m o contexto pr\u00e9-eleitoral mais amplo, incluindo as liberdades pol\u00edticas, as condi\u00e7\u00f5es de campanha, o acesso ao espa\u00e7o p\u00fablico e a actua\u00e7\u00e3o das institui\u00e7\u00f5es do Estado e das for\u00e7as de seguran\u00e7a.<\/p>\n<p>A IDC-CDI considera que incidentes como os registados no U\u00edge evidenciam a import\u00e2ncia de uma observa\u00e7\u00e3o e de um acompanhamento internacional precoces e sustentados do processo eleitoral. A observa\u00e7\u00e3o eleitoral n\u00e3o deve limitar-se \u00e0 contagem dos votos no dia das elei\u00e7\u00f5es, mas deve avaliar as condi\u00e7\u00f5es em que os partidos pol\u00edticos e os cidad\u00e3os conseguem exercer os seus direitos democr\u00e1ticos antes, durante e depois das elei\u00e7\u00f5es.<\/p>\n<p>A IDC-CDI recorda que elei\u00e7\u00f5es cred\u00edveis exigem mais do que a simples organiza\u00e7\u00e3o do acto de vota\u00e7\u00e3o. Exigem respeito pelo pluralismo pol\u00edtico, pelas liberdades fundamentais, por condi\u00e7\u00f5es equitativas de concorr\u00eancia pol\u00edtica, por institui\u00e7\u00f5es estatais imparciais e pela confian\u00e7a no processo eleitoral.<\/p>\n<p>\u00c0 medida que Angola se aproxima das elei\u00e7\u00f5es gerais de 2027, a IDC-CDI exorta as autoridades angolanas a adoptarem todas as medidas necess\u00e1rias para prevenir novos actos de viol\u00eancia pol\u00edtica e garantir um ambiente favor\u00e1vel \u00e0 concorr\u00eancia democr\u00e1tica pac\u00edfica, ao pluralismo pol\u00edtico, \u00e0 transpar\u00eancia e \u00e0 realiza\u00e7\u00e3o de elei\u00e7\u00f5es cred\u00edveis.<\/p>\n<p>Bruxelas, 10 de Agosto de 2026.<\/p>\n","protected":false},"excerpt":{"rendered":"<p>A Internacional Democrata Centrista (IDC-CDI) manifesta a sua profunda preocupa\u00e7\u00e3o perante os graves acontecimentos ocorridos na prov\u00edncia do U\u00edge, Angola, entre os dias 5 e 8 de Agosto de 2026, durante actividades pol\u00edticas e comemorativas lideradas pelo Presidente da UNITA e candidato presidencial \u00e0s elei\u00e7\u00f5es gerais de 2027, Adalberto Costa J\u00fanior. No dia 8 de [&hellip;]<\/p>\n","protected":false},"author":4,"featured_media":3749,"comment_status":"open","ping_status":"open","sticky":false,"template":"","format":"standard","meta":{"nf_dc_page":"","om_disable_all_campaigns":false,"pagelayer_contact_templates":[],"_pagelayer_content":"","_jetpack_newsletter_access":"","_jetpack_dont_email_post_to_subs":false,"_jetpack_newsletter_tier_id":0,"_jetpack_memberships_contains_paywalled_content":false,"_jetpack_memberships_contains_paid_content":false,"footnotes":""},"categories":[28],"tags":[],"class_list":["post-3746","post","type-post","status-publish","format-standard","has-post-thumbnail","hentry","category-opiniao"],"blog_post_layout_featured_media_urls":{"thumbnail":["https:\/\/i0.wp.com\/unita-angola.co.ao\/terrangolana\/wp-content\/uploads\/2026\/08\/Intolerancia-politica-na-cidade-do-Uige.jpg?resize=150%2C150&ssl=1",150,150,true],"full":["https:\/\/i0.wp.com\/unita-angola.co.ao\/terrangolana\/wp-content\/uploads\/2026\/08\/Intolerancia-politica-na-cidade-do-Uige.jpg?fit=1122%2C1402&ssl=1",1122,1402,false]},"categories_names":{"28":{"name":"Opini\u00e3o","link":"https:\/\/unita-angola.co.ao\/terrangolana\/category\/opiniao\/"}},"tags_names":[],"comments_number":"0","wpmagazine_modules_lite_featured_media_urls":{"thumbnail":["https:\/\/i0.wp.com\/unita-angola.co.ao\/terrangolana\/wp-content\/uploads\/2026\/08\/Intolerancia-politica-na-cidade-do-Uige.jpg?resize=150%2C150&ssl=1",150,150,true],"cvmm-medium":["https:\/\/i0.wp.com\/unita-angola.co.ao\/terrangolana\/wp-content\/uploads\/2026\/08\/Intolerancia-politica-na-cidade-do-Uige.jpg?resize=300%2C300&ssl=1",300,300,true],"cvmm-medium-plus":["https:\/\/i0.wp.com\/unita-angola.co.ao\/terrangolana\/wp-content\/uploads\/2026\/08\/Intolerancia-politica-na-cidade-do-Uige.jpg?resize=305%2C207&ssl=1",305,207,true],"cvmm-portrait":["https:\/\/i0.wp.com\/unita-angola.co.ao\/terrangolana\/wp-content\/uploads\/2026\/08\/Intolerancia-politica-na-cidade-do-Uige.jpg?resize=400%2C600&ssl=1",400,600,true],"cvmm-medium-square":["https:\/\/i0.wp.com\/unita-angola.co.ao\/terrangolana\/wp-content\/uploads\/2026\/08\/Intolerancia-politica-na-cidade-do-Uige.jpg?resize=600%2C600&ssl=1",600,600,true],"cvmm-large":["https:\/\/i0.wp.com\/unita-angola.co.ao\/terrangolana\/wp-content\/uploads\/2026\/08\/Intolerancia-politica-na-cidade-do-Uige.jpg?resize=1024%2C1024&ssl=1",1024,1024,true],"cvmm-small":["https:\/\/i0.wp.com\/unita-angola.co.ao\/terrangolana\/wp-content\/uploads\/2026\/08\/Intolerancia-politica-na-cidade-do-Uige.jpg?resize=130%2C95&ssl=1",130,95,true],"full":["https:\/\/i0.wp.com\/unita-angola.co.ao\/terrangolana\/wp-content\/uploads\/2026\/08\/Intolerancia-politica-na-cidade-do-Uige.jpg?fit=1122%2C1402&ssl=1",1122,1402,false]},"jetpack_sharing_enabled":true,"jetpack_featured_media_url":"https:\/\/i0.wp.com\/unita-angola.co.ao\/terrangolana\/wp-content\/uploads\/2026\/08\/Intolerancia-politica-na-cidade-do-Uige.jpg?fit=1122%2C1402&ssl=1","_links":{"self":[{"href":"https:\/\/unita-angola.co.ao\/terrangolana\/wp-json\/wp\/v2\/posts\/3746","targetHints":{"allow":["GET"]}}],"collection":[{"href":"https:\/\/unita-angola.co.ao\/terrangolana\/wp-json\/wp\/v2\/posts"}],"about":[{"href":"https:\/\/unita-angola.co.ao\/terrangolana\/wp-json\/wp\/v2\/types\/post"}],"author":[{"embeddable":true,"href":"https:\/\/unita-angola.co.ao\/terrangolana\/wp-json\/wp\/v2\/users\/4"}],"replies":[{"embeddable":true,"href":"https:\/\/unita-angola.co.ao\/terrangolana\/wp-json\/wp\/v2\/comments?post=3746"}],"version-history":[{"count":1,"href":"https:\/\/unita-angola.co.ao\/terrangolana\/wp-json\/wp\/v2\/posts\/3746\/revisions"}],"predecessor-version":[{"id":3750,"href":"https:\/\/unita-angola.co.ao\/terrangolana\/wp-json\/wp\/v2\/posts\/3746\/revisions\/3750"}],"wp:featuredmedia":[{"embeddable":true,"href":"https:\/\/unita-angola.co.ao\/terrangolana\/wp-json\/wp\/v2\/media\/3749"}],"wp:attachment":[{"href":"https:\/\/unita-angola.co.ao\/terrangolana\/wp-json\/wp\/v2\/media?parent=3746"}],"wp:term":[{"taxonomy":"category","embeddable":true,"href":"https:\/\/unita-angola.co.ao\/terrangolana\/wp-json\/wp\/v2\/categories?post=3746"},{"taxonomy":"post_tag","embeddable":true,"href":"https:\/\/unita-angola.co.ao\/terrangolana\/wp-json\/wp\/v2\/tags?post=3746"}],"curies":[{"name":"wp","href":"https:\/\/api.w.org\/{rel}","templated":true}]}}