{"id":3741,"date":"2026-08-13T21:12:00","date_gmt":"2026-08-13T20:12:00","guid":{"rendered":"https:\/\/unita-angola.co.ao\/terrangolana\/?p=3741"},"modified":"2026-08-13T21:14:00","modified_gmt":"2026-08-13T20:14:00","slug":"presidente-da-unita-refuta-ter-havido-confrontos-no-uige-e-aponta-postura-premeditada-das-autoridades","status":"publish","type":"post","link":"https:\/\/unita-angola.co.ao\/terrangolana\/presidente-da-unita-refuta-ter-havido-confrontos-no-uige-e-aponta-postura-premeditada-das-autoridades\/","title":{"rendered":"Presidente da UNITA refuta ter havido confrontos no U\u00edge e aponta postura premeditada das autoridades"},"content":{"rendered":"<p>O Presidente da UNITA, Adalberto Costa J\u00fanior, afirmou nesta ter\u00e7a-feira,11 de Agosto de 2026, \u00e0 imprensa que, n\u00e3o houve confrontos no U\u00edge.<\/p>\n<p>A posi\u00e7\u00e3o foi apresentada \u00e0 comunica\u00e7\u00e3o social \u00e0 sa\u00edda da audi\u00eancia com a CEAST, onde o respons\u00e1vel do maior partido na oposi\u00e7\u00e3o em Angola, partilhou com o Presidente da CEAST, Dom Jos\u00e9 Manuel Imbamba, os acontecimentos do \u00faltimo s\u00e1bado, 8 de Agosto na prov\u00edncia do U\u00edge, envolvendo a Pol\u00edcia Nacional contra os militantes da UNITA.<\/p>\n<p>O l\u00edder da UNITA defendeu que, \u201cn\u00e3o houve confrontos\u201d, acrescentando que, n\u00e3o h\u00e1 formas de justificar a nenhum n\u00edvel aquele comportamento, daquela for\u00e7a excessiva, completamente desnecess\u00e1ria e aquela repress\u00e3o violenta que se assistiu e apelou a responsabiliza\u00e7\u00e3o dos autores.<\/p>\n<p>Para o respons\u00e1vel partid\u00e1rio, esta n\u00e3o seja uma experi\u00eancia para levar para uma campanha eleitoral que estejam a fazer este tipo de experimenta\u00e7\u00e3o.<\/p>\n<p>\u201cE, portanto, a sociedade angolana no seu todo, as entidades, todas elas transversais, devem preocupar-se, devem exigir responsabiliza\u00e7\u00e3o, na medida em que a todos n\u00f3s nos interessa um pa\u00eds em paz, em estabilidade, no pleno respeito dos direitos pol\u00edticos e c\u00edvicos de toda a gente\u201d.<\/p>\n<p>Na sua interven\u00e7\u00e3o, o Presidente da UNITA destacou que foi um bom encontro, manifestando a sua satisfa\u00e7\u00e3o, pela condena\u00e7\u00e3o a tempo oportuno, pela institui\u00e7\u00e3o religiosa.<\/p>\n<p>\u201cFicamos satisfeitos quando tomamos conhecimento de que a CEAST j\u00e1 os condenou estes incidentes, mas n\u00e3o pode ficar por aqui\u201d.<\/p>\n<p>\u201cOs prevaricadores n\u00e3o podem pensar que t\u00eam uma auto estrada aberta para a pr\u00e1tica volunt\u00e1ria da viol\u00eancia. N\u00e3o faz sentido\u201d, o Presidente da UNITA.<\/p>\n<p>O respons\u00e1vel partid\u00e1rio criticou de igual modo a postura do evidenciada pelo governador provincial sobre os acontecimentos.<\/p>\n<p>Para l\u00edder da oposi\u00e7\u00e3o \u201co governador da prov\u00edncia n\u00e3o pode pensar que pode ser simultaneamente primeiro-secret\u00e1rio e governador provincial, limitando o exerc\u00edcio pol\u00edtico aos partidos de oposi\u00e7\u00e3o, mas permitindo a eles pr\u00f3prios o exerc\u00edcio pol\u00edtico nas circunst\u00e2ncias que os outros s\u00e3o proibidos\u201d.<\/p>\n<p>&nbsp;<\/p>\n<p>\u201cPorque o que n\u00f3s constatamos \u00e9 que o Partido de Regime teve as atividades normais, a cidade estava engalanada com bandeiras, todos os munic\u00edpios engalanados, e n\u00f3s sabemos que isto \u00e9 proibido\u201d, disse o Presidente da UNITA, considerando ainda os acontecimentos, de serem actos premeditados.<\/p>\n","protected":false},"excerpt":{"rendered":"<p>O Presidente da UNITA, Adalberto Costa J\u00fanior, afirmou nesta ter\u00e7a-feira,11 de Agosto de 2026, \u00e0 imprensa que, n\u00e3o houve confrontos no U\u00edge. A posi\u00e7\u00e3o foi apresentada \u00e0 comunica\u00e7\u00e3o social \u00e0 sa\u00edda da audi\u00eancia com a CEAST, onde o respons\u00e1vel do maior partido na oposi\u00e7\u00e3o em Angola, partilhou com o Presidente da CEAST, Dom Jos\u00e9 Manuel [&hellip;]<\/p>\n","protected":false},"author":4,"featured_media":3745,"comment_status":"open","ping_status":"open","sticky":false,"template":"","format":"standard","meta":{"nf_dc_page":"","om_disable_all_campaigns":false,"pagelayer_contact_templates":[],"_pagelayer_content":"","_jetpack_newsletter_access":"","_jetpack_dont_email_post_to_subs":false,"_jetpack_newsletter_tier_id":0,"_jetpack_memberships_contains_paywalled_content":false,"_jetpack_memberships_contains_paid_content":false,"footnotes":""},"categories":[26],"tags":[],"class_list":["post-3741","post","type-post","status-publish","format-standard","has-post-thumbnail","hentry","category-noticias"],"blog_post_layout_featured_media_urls":{"thumbnail":["https:\/\/i0.wp.com\/unita-angola.co.ao\/terrangolana\/wp-content\/uploads\/2026\/08\/Sobre-intolerancia-no-Uige.png?resize=150%2C150&ssl=1",150,150,true],"full":["https:\/\/i0.wp.com\/unita-angola.co.ao\/terrangolana\/wp-content\/uploads\/2026\/08\/Sobre-intolerancia-no-Uige.png?fit=848%2C424&ssl=1",848,424,false]},"categories_names":{"26":{"name":"Not\u00edcias","link":"https:\/\/unita-angola.co.ao\/terrangolana\/category\/noticias\/"}},"tags_names":[],"comments_number":"0","wpmagazine_modules_lite_featured_media_urls":{"thumbnail":["https:\/\/i0.wp.com\/unita-angola.co.ao\/terrangolana\/wp-content\/uploads\/2026\/08\/Sobre-intolerancia-no-Uige.png?resize=150%2C150&ssl=1",150,150,true],"cvmm-medium":["https:\/\/i0.wp.com\/unita-angola.co.ao\/terrangolana\/wp-content\/uploads\/2026\/08\/Sobre-intolerancia-no-Uige.png?resize=300%2C300&ssl=1",300,300,true],"cvmm-medium-plus":["https:\/\/i0.wp.com\/unita-angola.co.ao\/terrangolana\/wp-content\/uploads\/2026\/08\/Sobre-intolerancia-no-Uige.png?resize=305%2C207&ssl=1",305,207,true],"cvmm-portrait":["https:\/\/i0.wp.com\/unita-angola.co.ao\/terrangolana\/wp-content\/uploads\/2026\/08\/Sobre-intolerancia-no-Uige.png?resize=400%2C424&ssl=1",400,424,true],"cvmm-medium-square":["https:\/\/i0.wp.com\/unita-angola.co.ao\/terrangolana\/wp-content\/uploads\/2026\/08\/Sobre-intolerancia-no-Uige.png?resize=600%2C424&ssl=1",600,424,true],"cvmm-large":["https:\/\/i0.wp.com\/unita-angola.co.ao\/terrangolana\/wp-content\/uploads\/2026\/08\/Sobre-intolerancia-no-Uige.png?resize=848%2C424&ssl=1",848,424,true],"cvmm-small":["https:\/\/i0.wp.com\/unita-angola.co.ao\/terrangolana\/wp-content\/uploads\/2026\/08\/Sobre-intolerancia-no-Uige.png?resize=130%2C95&ssl=1",130,95,true],"full":["https:\/\/i0.wp.com\/unita-angola.co.ao\/terrangolana\/wp-content\/uploads\/2026\/08\/Sobre-intolerancia-no-Uige.png?fit=848%2C424&ssl=1",848,424,false]},"jetpack_sharing_enabled":true,"jetpack_featured_media_url":"https:\/\/i0.wp.com\/unita-angola.co.ao\/terrangolana\/wp-content\/uploads\/2026\/08\/Sobre-intolerancia-no-Uige.png?fit=848%2C424&ssl=1","_links":{"self":[{"href":"https:\/\/unita-angola.co.ao\/terrangolana\/wp-json\/wp\/v2\/posts\/3741","targetHints":{"allow":["GET"]}}],"collection":[{"href":"https:\/\/unita-angola.co.ao\/terrangolana\/wp-json\/wp\/v2\/posts"}],"about":[{"href":"https:\/\/unita-angola.co.ao\/terrangolana\/wp-json\/wp\/v2\/types\/post"}],"author":[{"embeddable":true,"href":"https:\/\/unita-angola.co.ao\/terrangolana\/wp-json\/wp\/v2\/users\/4"}],"replies":[{"embeddable":true,"href":"https:\/\/unita-angola.co.ao\/terrangolana\/wp-json\/wp\/v2\/comments?post=3741"}],"version-history":[{"count":1,"href":"https:\/\/unita-angola.co.ao\/terrangolana\/wp-json\/wp\/v2\/posts\/3741\/revisions"}],"predecessor-version":[{"id":3744,"href":"https:\/\/unita-angola.co.ao\/terrangolana\/wp-json\/wp\/v2\/posts\/3741\/revisions\/3744"}],"wp:featuredmedia":[{"embeddable":true,"href":"https:\/\/unita-angola.co.ao\/terrangolana\/wp-json\/wp\/v2\/media\/3745"}],"wp:attachment":[{"href":"https:\/\/unita-angola.co.ao\/terrangolana\/wp-json\/wp\/v2\/media?parent=3741"}],"wp:term":[{"taxonomy":"category","embeddable":true,"href":"https:\/\/unita-angola.co.ao\/terrangolana\/wp-json\/wp\/v2\/categories?post=3741"},{"taxonomy":"post_tag","embeddable":true,"href":"https:\/\/unita-angola.co.ao\/terrangolana\/wp-json\/wp\/v2\/tags?post=3741"}],"curies":[{"name":"wp","href":"https:\/\/api.w.org\/{rel}","templated":true}]}}