{"id":3731,"date":"2026-08-11T18:43:43","date_gmt":"2026-08-11T17:43:43","guid":{"rendered":"https:\/\/unita-angola.co.ao\/terrangolana\/?p=3731"},"modified":"2026-08-12T16:05:36","modified_gmt":"2026-08-12T15:05:36","slug":"actuacao-da-policia-nacional-contra-a-unita-no-uige-provoca-feridos-e-destruicao-de-bens-diversos","status":"publish","type":"post","link":"https:\/\/unita-angola.co.ao\/terrangolana\/actuacao-da-policia-nacional-contra-a-unita-no-uige-provoca-feridos-e-destruicao-de-bens-diversos\/","title":{"rendered":"Actua\u00e7\u00e3o da Pol\u00edcia Nacional contra a UNITA no U\u00edge provoca dezenas de feridos e destrui\u00e7\u00e3o de bens diversos"},"content":{"rendered":"<p>O Secret\u00e1rio Nacional da Comunica\u00e7\u00e3o e Marketing e Porta-voz da UNITA, Francisco Fernandes Falua procedeu neste domingo, 9 de Agosto de 2026, o pr\u00e9-balan\u00e7o dos acontecimentos de intoler\u00e2ncia protagonizados pela pol\u00edcia nacional no s\u00e1bado, 8 de Agosto, na prov\u00edncia do U\u00edge, que de acordo com o respons\u00e1vel, resultou no ferimento de pessoas, entre homens e mulheres e destrui\u00e7\u00e3o de bens diversos.<\/p>\n<p>Francisco Falua descreveu a actua\u00e7\u00e3o da pol\u00edcia nacional que impediu a popula\u00e7\u00e3o a afluir \u00e0 sede do partido na cidade do U\u00edge para participar do acto central de massas previamente marcado, em sauda\u00e7\u00e3o aos 92 anivers\u00e1rio natal\u00edcia do presidente fundador do partido, Jonas Malheiro Savimbi e das consequ\u00eancias registadas.<\/p>\n<p>De acordo com o porta-voz do maior partido na oposi\u00e7\u00e3o em Angola, a atividade comunicada a todos os n\u00edveis, pessoal preparado, a sociedade no geral, pura e simplesmente a partir da madrugada do dia 08 as for\u00e7as de ordem e seguran\u00e7a fizeram-se \u00e0 cidade no seu geral, no local particularmente para inviabilizar a presen\u00e7a de todos.<\/p>\n<p>\u201cQuando menos esper\u00e1vamos houve disparos discriminados uma for\u00e7a superiormente desproporcional que disparou discriminadamente contra as popula\u00e7\u00f5es tendo saudado no ferimento de 31 pessoas, dentre eles homens e mulheres, a destrui\u00e7\u00e3o de bens diversos, enfim\u201d.<\/p>\n<p>\u201cMas, ainda assim o Presidente do partido fez-se ao local, ao secretariado, para deixar uma mensagem de paz, uma mensagem de esperan\u00e7a, e ficou a promessa de que voltar\u00e1 a acontecer um acto de massas na prov\u00edncia do U\u00edge\u201d, explicou o porta-voz da UNITA.<\/p>\n<p>\u201cDe salientar que o calend\u00e1rio prossegue. Ao n\u00edvel das 21 prov\u00edncias, maior parte das prov\u00edncias j\u00e1 realizaram o ato provincial em alus\u00e3o a data\u201d, real\u00e7ou Francisco Falua \u00e0 comunica\u00e7\u00e3o social.<\/p>\n","protected":false},"excerpt":{"rendered":"<p>O Secret\u00e1rio Nacional da Comunica\u00e7\u00e3o e Marketing e Porta-voz da UNITA, Francisco Fernandes Falua procedeu neste domingo, 9 de Agosto de 2026, o pr\u00e9-balan\u00e7o dos acontecimentos de intoler\u00e2ncia protagonizados pela pol\u00edcia nacional no s\u00e1bado, 8 de Agosto, na prov\u00edncia do U\u00edge, que de acordo com o respons\u00e1vel, resultou no ferimento de pessoas, entre homens e [&hellip;]<\/p>\n","protected":false},"author":4,"featured_media":3383,"comment_status":"open","ping_status":"open","sticky":false,"template":"","format":"standard","meta":{"nf_dc_page":"","om_disable_all_campaigns":false,"pagelayer_contact_templates":[],"_pagelayer_content":"","_jetpack_newsletter_access":"","_jetpack_dont_email_post_to_subs":false,"_jetpack_newsletter_tier_id":0,"_jetpack_memberships_contains_paywalled_content":false,"_jetpack_memberships_contains_paid_content":false,"footnotes":""},"categories":[25],"tags":[],"class_list":["post-3731","post","type-post","status-publish","format-standard","has-post-thumbnail","hentry","category-politica"],"blog_post_layout_featured_media_urls":{"thumbnail":["https:\/\/i0.wp.com\/unita-angola.co.ao\/terrangolana\/wp-content\/uploads\/2026\/05\/ACJ-Benguela-de-08-a-10-de-Maio-de-2026-fotos-14-Bandeira-do-Partido-Kwanza-Sul.jpg?resize=150%2C150&ssl=1",150,150,true],"full":["https:\/\/i0.wp.com\/unita-angola.co.ao\/terrangolana\/wp-content\/uploads\/2026\/05\/ACJ-Benguela-de-08-a-10-de-Maio-de-2026-fotos-14-Bandeira-do-Partido-Kwanza-Sul.jpg?fit=927%2C648&ssl=1",927,648,false]},"categories_names":{"25":{"name":"Pol\u00edtica","link":"https:\/\/unita-angola.co.ao\/terrangolana\/category\/politica\/"}},"tags_names":[],"comments_number":"0","wpmagazine_modules_lite_featured_media_urls":{"thumbnail":["https:\/\/i0.wp.com\/unita-angola.co.ao\/terrangolana\/wp-content\/uploads\/2026\/05\/ACJ-Benguela-de-08-a-10-de-Maio-de-2026-fotos-14-Bandeira-do-Partido-Kwanza-Sul.jpg?resize=150%2C150&ssl=1",150,150,true],"cvmm-medium":["https:\/\/i0.wp.com\/unita-angola.co.ao\/terrangolana\/wp-content\/uploads\/2026\/05\/ACJ-Benguela-de-08-a-10-de-Maio-de-2026-fotos-14-Bandeira-do-Partido-Kwanza-Sul.jpg?resize=300%2C300&ssl=1",300,300,true],"cvmm-medium-plus":["https:\/\/i0.wp.com\/unita-angola.co.ao\/terrangolana\/wp-content\/uploads\/2026\/05\/ACJ-Benguela-de-08-a-10-de-Maio-de-2026-fotos-14-Bandeira-do-Partido-Kwanza-Sul.jpg?resize=305%2C207&ssl=1",305,207,true],"cvmm-portrait":["https:\/\/i0.wp.com\/unita-angola.co.ao\/terrangolana\/wp-content\/uploads\/2026\/05\/ACJ-Benguela-de-08-a-10-de-Maio-de-2026-fotos-14-Bandeira-do-Partido-Kwanza-Sul.jpg?resize=400%2C600&ssl=1",400,600,true],"cvmm-medium-square":["https:\/\/i0.wp.com\/unita-angola.co.ao\/terrangolana\/wp-content\/uploads\/2026\/05\/ACJ-Benguela-de-08-a-10-de-Maio-de-2026-fotos-14-Bandeira-do-Partido-Kwanza-Sul.jpg?resize=600%2C600&ssl=1",600,600,true],"cvmm-large":["https:\/\/i0.wp.com\/unita-angola.co.ao\/terrangolana\/wp-content\/uploads\/2026\/05\/ACJ-Benguela-de-08-a-10-de-Maio-de-2026-fotos-14-Bandeira-do-Partido-Kwanza-Sul.jpg?resize=927%2C648&ssl=1",927,648,true],"cvmm-small":["https:\/\/i0.wp.com\/unita-angola.co.ao\/terrangolana\/wp-content\/uploads\/2026\/05\/ACJ-Benguela-de-08-a-10-de-Maio-de-2026-fotos-14-Bandeira-do-Partido-Kwanza-Sul.jpg?resize=130%2C95&ssl=1",130,95,true],"full":["https:\/\/i0.wp.com\/unita-angola.co.ao\/terrangolana\/wp-content\/uploads\/2026\/05\/ACJ-Benguela-de-08-a-10-de-Maio-de-2026-fotos-14-Bandeira-do-Partido-Kwanza-Sul.jpg?fit=927%2C648&ssl=1",927,648,false]},"jetpack_sharing_enabled":true,"jetpack_featured_media_url":"https:\/\/i0.wp.com\/unita-angola.co.ao\/terrangolana\/wp-content\/uploads\/2026\/05\/ACJ-Benguela-de-08-a-10-de-Maio-de-2026-fotos-14-Bandeira-do-Partido-Kwanza-Sul.jpg?fit=927%2C648&ssl=1","_links":{"self":[{"href":"https:\/\/unita-angola.co.ao\/terrangolana\/wp-json\/wp\/v2\/posts\/3731","targetHints":{"allow":["GET"]}}],"collection":[{"href":"https:\/\/unita-angola.co.ao\/terrangolana\/wp-json\/wp\/v2\/posts"}],"about":[{"href":"https:\/\/unita-angola.co.ao\/terrangolana\/wp-json\/wp\/v2\/types\/post"}],"author":[{"embeddable":true,"href":"https:\/\/unita-angola.co.ao\/terrangolana\/wp-json\/wp\/v2\/users\/4"}],"replies":[{"embeddable":true,"href":"https:\/\/unita-angola.co.ao\/terrangolana\/wp-json\/wp\/v2\/comments?post=3731"}],"version-history":[{"count":2,"href":"https:\/\/unita-angola.co.ao\/terrangolana\/wp-json\/wp\/v2\/posts\/3731\/revisions"}],"predecessor-version":[{"id":3740,"href":"https:\/\/unita-angola.co.ao\/terrangolana\/wp-json\/wp\/v2\/posts\/3731\/revisions\/3740"}],"wp:featuredmedia":[{"embeddable":true,"href":"https:\/\/unita-angola.co.ao\/terrangolana\/wp-json\/wp\/v2\/media\/3383"}],"wp:attachment":[{"href":"https:\/\/unita-angola.co.ao\/terrangolana\/wp-json\/wp\/v2\/media?parent=3731"}],"wp:term":[{"taxonomy":"category","embeddable":true,"href":"https:\/\/unita-angola.co.ao\/terrangolana\/wp-json\/wp\/v2\/categories?post=3731"},{"taxonomy":"post_tag","embeddable":true,"href":"https:\/\/unita-angola.co.ao\/terrangolana\/wp-json\/wp\/v2\/tags?post=3731"}],"curies":[{"name":"wp","href":"https:\/\/api.w.org\/{rel}","templated":true}]}}